{"id":2514,"date":"2021-02-08T09:00:00","date_gmt":"2021-02-08T14:00:00","guid":{"rendered":"https:\/\/adisoke.ca\/news-post\/grace-au-financement-federal-linstallation-partagee-sera-carboneutre\/"},"modified":"2023-10-11T13:00:20","modified_gmt":"2023-10-11T17:00:20","slug":"grace-au-financement-federal-linstallation-partagee-sera-carboneutre","status":"publish","type":"news-post","link":"https:\/\/adisoke.ca\/fr\/news-post\/grace-au-financement-federal-linstallation-partagee-sera-carboneutre\/","title":{"rendered":"Une infrastructure culturelle phare pour un avenir plus vert"},"content":{"rendered":"<p>D\u2019importantes am\u00e9liorations visant \u00e0 atteindre la norme carbone net z\u00e9ro seront apport\u00e9es \u00e0 l\u2019installation partag\u00e9e.<br \/>\nL\u2019annonce officielle en a \u00e9t\u00e9 faite le 8 f\u00e9vrier 2021 par l\u2019honorable Steven\u00a0Guilbeault, ministre du Patrimoine canadien, l\u2019honorable Catherine\u00a0McKenna, ministre de l\u2019Infrastructure et des Collectivit\u00e9s, Jim\u00a0Watson, maire d\u2019Ottawa, et Matthew\u00a0Luloff, conseiller municipal et pr\u00e9sident du conseil d\u2019administration de la Biblioth\u00e8que publique d\u2019Ottawa.<\/p>\n<p><a href=\"https:\/\/www.canada.ca\/fr\/bibliotheque-archives\/nouvelles\/2021\/02\/installation-partagee-de-la-bibliotheque-publique-dottawa-et-de-bibliotheque-et-archives-canada-une-infrastructure-culturelle-phare-pour-un-avenir-.html\" target=\"_blank\" rel=\"noopener\">Lisez le communiqu\u00e9.<\/a><\/p>\n","protected":false},"excerpt":{"rendered":"<p>D\u2019importantes am\u00e9liorations visant \u00e0 atteindre la norme carbone net z\u00e9ro seront apport\u00e9es \u00e0 l\u2019installation partag\u00e9e. L\u2019annonce officielle en a \u00e9t\u00e9 faite le 8 f\u00e9vrier 2021 par l\u2019honorable Steven\u00a0Guilbeault, ministre du Patrimoine canadien, l\u2019honorable Catherine\u00a0McKenna, ministre de l\u2019Infrastructure et des Collectivit\u00e9s, Jim\u00a0Watson, maire d\u2019Ottawa, et Matthew\u00a0Luloff, conseiller municipal et pr\u00e9sident du conseil d\u2019administration de la Biblioth\u00e8que&#8230;<\/p>\n","protected":false},"author":1,"featured_media":2520,"template":"","news-category":[40,48],"news-year":[55],"class_list":["post-2514","news-post","type-news-post","status-publish","has-post-thumbnail","hentry","news-category-conception","news-category-durabilite","news-year-2021-fr"],"acf":[],"yoast_head":"<!-- This site is optimized with the Yoast SEO plugin v27.4 - https:\/\/yoast.com\/product\/yoast-seo-wordpress\/ -->\n<title>Une infrastructure culturelle phare pour un avenir plus vert<\/title>\n<meta name=\"description\" content=\"D\u2019importantes am\u00e9liorations visant \u00e0 atteindre la norme carbone net z\u00e9ro seront apport\u00e9es \u00e0 l\u2019installation partag\u00e9e. L\u2019annonce officielle en a \u00e9t\u00e9 faite le 8 f\u00e9vrier 2021 par l\u2019honorable Steven Guilbeault, ministre du Patrimoine canadien, l\u2019honorable Catherine McKenna, ministre de l\u2019Infrastructure et des Collectivit\u00e9s, Jim Watson, maire d\u2019Ottawa, et Matthew Luloff, conseiller municipal et pr\u00e9sident du conseil d\u2019administration de la Biblioth\u00e8que publique d\u2019Ottawa.Lisez le communiqu\u00e9 (Link to news release on canada.ca)\" \/>\n<meta name=\"robots\" content=\"index, follow, max-snippet:-1, max-image-preview:large, max-video-preview:-1\" \/>\n<link rel=\"canonical\" href=\"https:\/\/adisoke.ca\/fr\/news-post\/grace-au-financement-federal-linstallation-partagee-sera-carboneutre\/\" \/>\n<meta property=\"og:locale\" content=\"fr_FR\" \/>\n<meta property=\"og:type\" content=\"article\" \/>\n<meta property=\"og:title\" content=\"Une infrastructure culturelle phare pour un avenir plus vert\" \/>\n<meta property=\"og:description\" content=\"D\u2019importantes am\u00e9liorations visant \u00e0 atteindre la norme carbone net z\u00e9ro seront apport\u00e9es \u00e0 l\u2019installation partag\u00e9e. L\u2019annonce officielle en a \u00e9t\u00e9 faite le 8 f\u00e9vrier 2021 par l\u2019honorable Steven Guilbeault, ministre du Patrimoine canadien, l\u2019honorable Catherine McKenna, ministre de l\u2019Infrastructure et des Collectivit\u00e9s, Jim Watson, maire d\u2019Ottawa, et Matthew Luloff, conseiller municipal et pr\u00e9sident du conseil d\u2019administration de la Biblioth\u00e8que publique d\u2019Ottawa.Lisez le communiqu\u00e9 (Link to news release on canada.ca)\" \/>\n<meta property=\"og:url\" content=\"https:\/\/adisoke.ca\/fr\/news-post\/grace-au-financement-federal-linstallation-partagee-sera-carboneutre\/\" \/>\n<meta property=\"og:site_name\" content=\"\u0101dis\u014dke\" \/>\n<meta property=\"article:modified_time\" content=\"2023-10-11T17:00:20+00:00\" \/>\n<meta property=\"og:image\" content=\"https:\/\/adisoke.ca\/wp-content\/uploads\/2023\/09\/a\u0304diso\u0304ke_23_Wordmark_B_RGB.png\" \/>\n\t<meta property=\"og:image:width\" content=\"850\" \/>\n\t<meta property=\"og:image:height\" content=\"202\" \/>\n\t<meta property=\"og:image:type\" content=\"image\/png\" \/>\n<meta name=\"twitter:card\" content=\"summary_large_image\" \/>\n<meta name=\"twitter:image\" content=\"https:\/\/adisoke.ca\/wp-content\/uploads\/2023\/09\/a\u0304diso\u0304ke_23_Wordmark_B_RGB.png\" \/>\n<script type=\"application\/ld+json\" class=\"yoast-schema-graph\">{\"@context\":\"https:\\\/\\\/schema.org\",\"@graph\":[{\"@type\":\"WebPage\",\"@id\":\"https:\\\/\\\/adisoke.ca\\\/fr\\\/news-post\\\/grace-au-financement-federal-linstallation-partagee-sera-carboneutre\\\/\",\"url\":\"https:\\\/\\\/adisoke.ca\\\/fr\\\/news-post\\\/grace-au-financement-federal-linstallation-partagee-sera-carboneutre\\\/\",\"name\":\"Une infrastructure culturelle phare pour un avenir plus vert\",\"isPartOf\":{\"@id\":\"https:\\\/\\\/adisoke.ca\\\/#website\"},\"primaryImageOfPage\":{\"@id\":\"https:\\\/\\\/adisoke.ca\\\/fr\\\/news-post\\\/grace-au-financement-federal-linstallation-partagee-sera-carboneutre\\\/#primaryimage\"},\"image\":{\"@id\":\"https:\\\/\\\/adisoke.ca\\\/fr\\\/news-post\\\/grace-au-financement-federal-linstallation-partagee-sera-carboneutre\\\/#primaryimage\"},\"thumbnailUrl\":\"https:\\\/\\\/adisoke.ca\\\/wp-content\\\/uploads\\\/2023\\\/09\\\/OPL-LAC-Exterior-07.jpg\",\"datePublished\":\"2021-02-08T14:00:00+00:00\",\"dateModified\":\"2023-10-11T17:00:20+00:00\",\"description\":\"D\u2019importantes am\u00e9liorations visant \u00e0 atteindre la norme carbone net z\u00e9ro seront apport\u00e9es \u00e0 l\u2019installation partag\u00e9e. L\u2019annonce officielle en a \u00e9t\u00e9 faite le 8 f\u00e9vrier 2021 par l\u2019honorable Steven Guilbeault, ministre du Patrimoine canadien, l\u2019honorable Catherine McKenna, ministre de l\u2019Infrastructure et des Collectivit\u00e9s, Jim Watson, maire d\u2019Ottawa, et Matthew Luloff, conseiller municipal et pr\u00e9sident du conseil d\u2019administration de la Biblioth\u00e8que publique d\u2019Ottawa.Lisez le communiqu\u00e9 (Link to news release on canada.ca)\",\"breadcrumb\":{\"@id\":\"https:\\\/\\\/adisoke.ca\\\/fr\\\/news-post\\\/grace-au-financement-federal-linstallation-partagee-sera-carboneutre\\\/#breadcrumb\"},\"inLanguage\":\"fr-FR\",\"potentialAction\":[{\"@type\":\"ReadAction\",\"target\":[\"https:\\\/\\\/adisoke.ca\\\/fr\\\/news-post\\\/grace-au-financement-federal-linstallation-partagee-sera-carboneutre\\\/\"]}]},{\"@type\":\"ImageObject\",\"inLanguage\":\"fr-FR\",\"@id\":\"https:\\\/\\\/adisoke.ca\\\/fr\\\/news-post\\\/grace-au-financement-federal-linstallation-partagee-sera-carboneutre\\\/#primaryimage\",\"url\":\"https:\\\/\\\/adisoke.ca\\\/wp-content\\\/uploads\\\/2023\\\/09\\\/OPL-LAC-Exterior-07.jpg\",\"contentUrl\":\"https:\\\/\\\/adisoke.ca\\\/wp-content\\\/uploads\\\/2023\\\/09\\\/OPL-LAC-Exterior-07.jpg\",\"width\":1600,\"height\":1357},{\"@type\":\"BreadcrumbList\",\"@id\":\"https:\\\/\\\/adisoke.ca\\\/fr\\\/news-post\\\/grace-au-financement-federal-linstallation-partagee-sera-carboneutre\\\/#breadcrumb\",\"itemListElement\":[{\"@type\":\"ListItem\",\"position\":1,\"name\":\"Home\",\"item\":\"https:\\\/\\\/adisoke.ca\\\/fr\\\/\"},{\"@type\":\"ListItem\",\"position\":2,\"name\":\"Une infrastructure culturelle phare pour un avenir plus vert\"}]},{\"@type\":\"WebSite\",\"@id\":\"https:\\\/\\\/adisoke.ca\\\/#website\",\"url\":\"https:\\\/\\\/adisoke.ca\\\/\",\"name\":\"\u0101dis\u014dke\",\"description\":\"Stories live here.\",\"publisher\":{\"@id\":\"https:\\\/\\\/adisoke.ca\\\/#organization\"},\"potentialAction\":[{\"@type\":\"SearchAction\",\"target\":{\"@type\":\"EntryPoint\",\"urlTemplate\":\"https:\\\/\\\/adisoke.ca\\\/?s={search_term_string}\"},\"query-input\":{\"@type\":\"PropertyValueSpecification\",\"valueRequired\":true,\"valueName\":\"search_term_string\"}}],\"inLanguage\":\"fr-FR\"},{\"@type\":\"Organization\",\"@id\":\"https:\\\/\\\/adisoke.ca\\\/#organization\",\"name\":\"\u0101dis\u014dke\",\"url\":\"https:\\\/\\\/adisoke.ca\\\/\",\"logo\":{\"@type\":\"ImageObject\",\"inLanguage\":\"fr-FR\",\"@id\":\"https:\\\/\\\/adisoke.ca\\\/#\\\/schema\\\/logo\\\/image\\\/\",\"url\":\"https:\\\/\\\/adisoke.ca\\\/wp-content\\\/uploads\\\/2023\\\/09\\\/a\u0304diso\u0304ke_23_Wordmark_B_RGB.png\",\"contentUrl\":\"https:\\\/\\\/adisoke.ca\\\/wp-content\\\/uploads\\\/2023\\\/09\\\/a\u0304diso\u0304ke_23_Wordmark_B_RGB.png\",\"width\":850,\"height\":202,\"caption\":\"\u0101dis\u014dke\"},\"image\":{\"@id\":\"https:\\\/\\\/adisoke.ca\\\/#\\\/schema\\\/logo\\\/image\\\/\"}}]}<\/script>\n<!-- \/ Yoast SEO plugin. -->","yoast_head_json":{"title":"Une infrastructure culturelle phare pour un avenir plus vert","description":"D\u2019importantes am\u00e9liorations visant \u00e0 atteindre la norme carbone net z\u00e9ro seront apport\u00e9es \u00e0 l\u2019installation partag\u00e9e. L\u2019annonce officielle en a \u00e9t\u00e9 faite le 8 f\u00e9vrier 2021 par l\u2019honorable Steven Guilbeault, ministre du Patrimoine canadien, l\u2019honorable Catherine McKenna, ministre de l\u2019Infrastructure et des Collectivit\u00e9s, Jim Watson, maire d\u2019Ottawa, et Matthew Luloff, conseiller municipal et pr\u00e9sident du conseil d\u2019administration de la Biblioth\u00e8que publique d\u2019Ottawa.Lisez le communiqu\u00e9 (Link to news release on canada.ca)","robots":{"index":"index","follow":"follow","max-snippet":"max-snippet:-1","max-image-preview":"max-image-preview:large","max-video-preview":"max-video-preview:-1"},"canonical":"https:\/\/adisoke.ca\/fr\/news-post\/grace-au-financement-federal-linstallation-partagee-sera-carboneutre\/","og_locale":"fr_FR","og_type":"article","og_title":"Une infrastructure culturelle phare pour un avenir plus vert","og_description":"D\u2019importantes am\u00e9liorations visant \u00e0 atteindre la norme carbone net z\u00e9ro seront apport\u00e9es \u00e0 l\u2019installation partag\u00e9e. L\u2019annonce officielle en a \u00e9t\u00e9 faite le 8 f\u00e9vrier 2021 par l\u2019honorable Steven Guilbeault, ministre du Patrimoine canadien, l\u2019honorable Catherine McKenna, ministre de l\u2019Infrastructure et des Collectivit\u00e9s, Jim Watson, maire d\u2019Ottawa, et Matthew Luloff, conseiller municipal et pr\u00e9sident du conseil d\u2019administration de la Biblioth\u00e8que publique d\u2019Ottawa.Lisez le communiqu\u00e9 (Link to news release on canada.ca)","og_url":"https:\/\/adisoke.ca\/fr\/news-post\/grace-au-financement-federal-linstallation-partagee-sera-carboneutre\/","og_site_name":"\u0101dis\u014dke","article_modified_time":"2023-10-11T17:00:20+00:00","og_image":[{"width":850,"height":202,"url":"https:\/\/adisoke.ca\/wp-content\/uploads\/2023\/09\/a\u0304diso\u0304ke_23_Wordmark_B_RGB.png","type":"image\/png"}],"twitter_card":"summary_large_image","twitter_image":"https:\/\/adisoke.ca\/wp-content\/uploads\/2023\/09\/a\u0304diso\u0304ke_23_Wordmark_B_RGB.png","schema":{"@context":"https:\/\/schema.org","@graph":[{"@type":"WebPage","@id":"https:\/\/adisoke.ca\/fr\/news-post\/grace-au-financement-federal-linstallation-partagee-sera-carboneutre\/","url":"https:\/\/adisoke.ca\/fr\/news-post\/grace-au-financement-federal-linstallation-partagee-sera-carboneutre\/","name":"Une infrastructure culturelle phare pour un avenir plus vert","isPartOf":{"@id":"https:\/\/adisoke.ca\/#website"},"primaryImageOfPage":{"@id":"https:\/\/adisoke.ca\/fr\/news-post\/grace-au-financement-federal-linstallation-partagee-sera-carboneutre\/#primaryimage"},"image":{"@id":"https:\/\/adisoke.ca\/fr\/news-post\/grace-au-financement-federal-linstallation-partagee-sera-carboneutre\/#primaryimage"},"thumbnailUrl":"https:\/\/adisoke.ca\/wp-content\/uploads\/2023\/09\/OPL-LAC-Exterior-07.jpg","datePublished":"2021-02-08T14:00:00+00:00","dateModified":"2023-10-11T17:00:20+00:00","description":"D\u2019importantes am\u00e9liorations visant \u00e0 atteindre la norme carbone net z\u00e9ro seront apport\u00e9es \u00e0 l\u2019installation partag\u00e9e. L\u2019annonce officielle en a \u00e9t\u00e9 faite le 8 f\u00e9vrier 2021 par l\u2019honorable Steven Guilbeault, ministre du Patrimoine canadien, l\u2019honorable Catherine McKenna, ministre de l\u2019Infrastructure et des Collectivit\u00e9s, Jim Watson, maire d\u2019Ottawa, et Matthew Luloff, conseiller municipal et pr\u00e9sident du conseil d\u2019administration de la Biblioth\u00e8que publique d\u2019Ottawa.Lisez le communiqu\u00e9 (Link to news release on canada.ca)","breadcrumb":{"@id":"https:\/\/adisoke.ca\/fr\/news-post\/grace-au-financement-federal-linstallation-partagee-sera-carboneutre\/#breadcrumb"},"inLanguage":"fr-FR","potentialAction":[{"@type":"ReadAction","target":["https:\/\/adisoke.ca\/fr\/news-post\/grace-au-financement-federal-linstallation-partagee-sera-carboneutre\/"]}]},{"@type":"ImageObject","inLanguage":"fr-FR","@id":"https:\/\/adisoke.ca\/fr\/news-post\/grace-au-financement-federal-linstallation-partagee-sera-carboneutre\/#primaryimage","url":"https:\/\/adisoke.ca\/wp-content\/uploads\/2023\/09\/OPL-LAC-Exterior-07.jpg","contentUrl":"https:\/\/adisoke.ca\/wp-content\/uploads\/2023\/09\/OPL-LAC-Exterior-07.jpg","width":1600,"height":1357},{"@type":"BreadcrumbList","@id":"https:\/\/adisoke.ca\/fr\/news-post\/grace-au-financement-federal-linstallation-partagee-sera-carboneutre\/#breadcrumb","itemListElement":[{"@type":"ListItem","position":1,"name":"Home","item":"https:\/\/adisoke.ca\/fr\/"},{"@type":"ListItem","position":2,"name":"Une infrastructure culturelle phare pour un avenir plus vert"}]},{"@type":"WebSite","@id":"https:\/\/adisoke.ca\/#website","url":"https:\/\/adisoke.ca\/","name":"\u0101dis\u014dke","description":"Stories live here.","publisher":{"@id":"https:\/\/adisoke.ca\/#organization"},"potentialAction":[{"@type":"SearchAction","target":{"@type":"EntryPoint","urlTemplate":"https:\/\/adisoke.ca\/?s={search_term_string}"},"query-input":{"@type":"PropertyValueSpecification","valueRequired":true,"valueName":"search_term_string"}}],"inLanguage":"fr-FR"},{"@type":"Organization","@id":"https:\/\/adisoke.ca\/#organization","name":"\u0101dis\u014dke","url":"https:\/\/adisoke.ca\/","logo":{"@type":"ImageObject","inLanguage":"fr-FR","@id":"https:\/\/adisoke.ca\/#\/schema\/logo\/image\/","url":"https:\/\/adisoke.ca\/wp-content\/uploads\/2023\/09\/a\u0304diso\u0304ke_23_Wordmark_B_RGB.png","contentUrl":"https:\/\/adisoke.ca\/wp-content\/uploads\/2023\/09\/a\u0304diso\u0304ke_23_Wordmark_B_RGB.png","width":850,"height":202,"caption":"\u0101dis\u014dke"},"image":{"@id":"https:\/\/adisoke.ca\/#\/schema\/logo\/image\/"}}]}},"_links":{"self":[{"href":"https:\/\/adisoke.ca\/fr\/wp-json\/wp\/v2\/news-post\/2514","targetHints":{"allow":["GET"]}}],"collection":[{"href":"https:\/\/adisoke.ca\/fr\/wp-json\/wp\/v2\/news-post"}],"about":[{"href":"https:\/\/adisoke.ca\/fr\/wp-json\/wp\/v2\/types\/news-post"}],"author":[{"embeddable":true,"href":"https:\/\/adisoke.ca\/fr\/wp-json\/wp\/v2\/users\/1"}],"version-history":[{"count":1,"href":"https:\/\/adisoke.ca\/fr\/wp-json\/wp\/v2\/news-post\/2514\/revisions"}],"predecessor-version":[{"id":5251,"href":"https:\/\/adisoke.ca\/fr\/wp-json\/wp\/v2\/news-post\/2514\/revisions\/5251"}],"wp:featuredmedia":[{"embeddable":true,"href":"https:\/\/adisoke.ca\/fr\/wp-json\/wp\/v2\/media\/2520"}],"wp:attachment":[{"href":"https:\/\/adisoke.ca\/fr\/wp-json\/wp\/v2\/media?parent=2514"}],"wp:term":[{"taxonomy":"news-category","embeddable":true,"href":"https:\/\/adisoke.ca\/fr\/wp-json\/wp\/v2\/news-category?post=2514"},{"taxonomy":"news-year","embeddable":true,"href":"https:\/\/adisoke.ca\/fr\/wp-json\/wp\/v2\/news-year?post=2514"}],"curies":[{"name":"wp","href":"https:\/\/api.w.org\/{rel}","templated":true}]}}