{"id":2528,"date":"2021-04-13T18:51:00","date_gmt":"2021-04-13T22:51:00","guid":{"rendered":"https:\/\/adisoke.ca\/news-post\/version-definitive-des-dessins-de-conception-bientot-rendue-publique\/"},"modified":"2023-10-11T12:59:49","modified_gmt":"2023-10-11T16:59:49","slug":"version-definitive-des-dessins-de-conception-bientot-rendue-publique","status":"publish","type":"news-post","link":"https:\/\/adisoke.ca\/fr\/news-post\/version-definitive-des-dessins-de-conception-bientot-rendue-publique\/","title":{"rendered":"Version d\u00e9finitive des dessins de conception bient\u00f4t rendue publique"},"content":{"rendered":"<p>La version d\u00e9finitive du plan de conception de la nouvelle installation partag\u00e9e de la Biblioth\u00e8que publique d\u2019Ottawa et de Biblioth\u00e8que et Archives Canada sera publi\u00e9e sur le site Web du projet\u00a0au cours des prochaines semaines. Ce plan de conception, ayant \u00e9t\u00e9 r\u00e9alis\u00e9 par le cabinet\u00a0Diamond Schmitt\u00a0Architects, en coentreprise avec le cabinet d\u2019Ottawa KWC architects, s\u2019inscrit dans le cadre de l\u2019un des processus de mobilisation les plus inclusifs jamais mis en \u0153uvre pour un \u00e9difice public au Canada. La conception retenue prend en consid\u00e9ration diff\u00e9rentes recommandations relatives \u00e0 l\u2019accessibilit\u00e9, l\u2019inclusion, la durabilit\u00e9 et la repr\u00e9sentation autochtone.<br \/>\nLe plan de conception a \u00e9t\u00e9 pr\u00e9sent\u00e9 au conseil d\u2019administration de la Biblioth\u00e8que publique d\u2019Ottawa le mardi 13 avril 2021. \u00c0 l\u2019issue de la r\u00e9union de ce dernier, la version d\u00e9finitive du plan de conception sera pr\u00e9sent\u00e9e au conseil d\u2019administration de la Commission de la capitale nationale le 22 avril 2021, puis \u00e0 la population g\u00e9n\u00e9rale.<\/p>\n<p>\u00a0<\/p>\n","protected":false},"excerpt":{"rendered":"<p>La version d\u00e9finitive du plan de conception de la nouvelle installation partag\u00e9e de la Biblioth\u00e8que publique d\u2019Ottawa et de Biblioth\u00e8que et Archives Canada sera publi\u00e9e sur le site Web du projet\u00a0au cours des prochaines semaines. Ce plan de conception, ayant \u00e9t\u00e9 r\u00e9alis\u00e9 par le cabinet\u00a0Diamond Schmitt\u00a0Architects, en coentreprise avec le cabinet d\u2019Ottawa KWC architects, s\u2019inscrit&#8230;<\/p>\n","protected":false},"author":1,"featured_media":2542,"template":"","news-category":[40],"news-year":[55],"class_list":["post-2528","news-post","type-news-post","status-publish","has-post-thumbnail","hentry","news-category-conception","news-year-2021-fr"],"acf":[],"yoast_head":"<!-- This site is optimized with the Yoast SEO plugin v27.4 - https:\/\/yoast.com\/product\/yoast-seo-wordpress\/ -->\n<title>Version d\u00e9finitive des dessins de conception bient\u00f4t rendue publique<\/title>\n<meta name=\"robots\" content=\"index, follow, max-snippet:-1, max-image-preview:large, max-video-preview:-1\" \/>\n<link rel=\"canonical\" href=\"https:\/\/adisoke.ca\/fr\/news-post\/version-definitive-des-dessins-de-conception-bientot-rendue-publique\/\" \/>\n<meta property=\"og:locale\" content=\"fr_FR\" \/>\n<meta property=\"og:type\" content=\"article\" \/>\n<meta property=\"og:title\" content=\"Version d\u00e9finitive des dessins de conception bient\u00f4t rendue publique\" \/>\n<meta property=\"og:description\" content=\"La version d\u00e9finitive du plan de conception de la nouvelle installation partag\u00e9e de la Biblioth\u00e8que publique d\u2019Ottawa et de Biblioth\u00e8que et Archives Canada sera publi\u00e9e sur le site Web du projet\u00a0au cours des prochaines semaines. Ce plan de conception, ayant \u00e9t\u00e9 r\u00e9alis\u00e9 par le cabinet\u00a0Diamond Schmitt\u00a0Architects, en coentreprise avec le cabinet d\u2019Ottawa KWC architects, s\u2019inscrit...\" \/>\n<meta property=\"og:url\" content=\"https:\/\/adisoke.ca\/fr\/news-post\/version-definitive-des-dessins-de-conception-bientot-rendue-publique\/\" \/>\n<meta property=\"og:site_name\" content=\"\u0101dis\u014dke\" \/>\n<meta property=\"article:modified_time\" content=\"2023-10-11T16:59:49+00:00\" \/>\n<meta property=\"og:image\" content=\"https:\/\/adisoke.ca\/wp-content\/uploads\/2023\/09\/a\u0304diso\u0304ke_23_Wordmark_B_RGB.png\" \/>\n\t<meta property=\"og:image:width\" content=\"850\" \/>\n\t<meta property=\"og:image:height\" content=\"202\" \/>\n\t<meta property=\"og:image:type\" content=\"image\/png\" \/>\n<meta name=\"twitter:card\" content=\"summary_large_image\" \/>\n<meta name=\"twitter:image\" content=\"https:\/\/adisoke.ca\/wp-content\/uploads\/2023\/09\/a\u0304diso\u0304ke_23_Wordmark_B_RGB.png\" \/>\n<meta name=\"twitter:label1\" content=\"Dur\u00e9e de lecture estim\u00e9e\" \/>\n\t<meta name=\"twitter:data1\" content=\"1 minute\" \/>\n<script type=\"application\/ld+json\" class=\"yoast-schema-graph\">{\"@context\":\"https:\\\/\\\/schema.org\",\"@graph\":[{\"@type\":\"WebPage\",\"@id\":\"https:\\\/\\\/adisoke.ca\\\/fr\\\/news-post\\\/version-definitive-des-dessins-de-conception-bientot-rendue-publique\\\/\",\"url\":\"https:\\\/\\\/adisoke.ca\\\/fr\\\/news-post\\\/version-definitive-des-dessins-de-conception-bientot-rendue-publique\\\/\",\"name\":\"Version d\u00e9finitive des dessins de conception bient\u00f4t rendue publique\",\"isPartOf\":{\"@id\":\"https:\\\/\\\/adisoke.ca\\\/#website\"},\"primaryImageOfPage\":{\"@id\":\"https:\\\/\\\/adisoke.ca\\\/fr\\\/news-post\\\/version-definitive-des-dessins-de-conception-bientot-rendue-publique\\\/#primaryimage\"},\"image\":{\"@id\":\"https:\\\/\\\/adisoke.ca\\\/fr\\\/news-post\\\/version-definitive-des-dessins-de-conception-bientot-rendue-publique\\\/#primaryimage\"},\"thumbnailUrl\":\"https:\\\/\\\/adisoke.ca\\\/wp-content\\\/uploads\\\/2023\\\/09\\\/OPL-space-5th-floor-scaled.jpg\",\"datePublished\":\"2021-04-13T22:51:00+00:00\",\"dateModified\":\"2023-10-11T16:59:49+00:00\",\"breadcrumb\":{\"@id\":\"https:\\\/\\\/adisoke.ca\\\/fr\\\/news-post\\\/version-definitive-des-dessins-de-conception-bientot-rendue-publique\\\/#breadcrumb\"},\"inLanguage\":\"fr-FR\",\"potentialAction\":[{\"@type\":\"ReadAction\",\"target\":[\"https:\\\/\\\/adisoke.ca\\\/fr\\\/news-post\\\/version-definitive-des-dessins-de-conception-bientot-rendue-publique\\\/\"]}]},{\"@type\":\"ImageObject\",\"inLanguage\":\"fr-FR\",\"@id\":\"https:\\\/\\\/adisoke.ca\\\/fr\\\/news-post\\\/version-definitive-des-dessins-de-conception-bientot-rendue-publique\\\/#primaryimage\",\"url\":\"https:\\\/\\\/adisoke.ca\\\/wp-content\\\/uploads\\\/2023\\\/09\\\/OPL-space-5th-floor-scaled.jpg\",\"contentUrl\":\"https:\\\/\\\/adisoke.ca\\\/wp-content\\\/uploads\\\/2023\\\/09\\\/OPL-space-5th-floor-scaled.jpg\",\"width\":2560,\"height\":1440},{\"@type\":\"BreadcrumbList\",\"@id\":\"https:\\\/\\\/adisoke.ca\\\/fr\\\/news-post\\\/version-definitive-des-dessins-de-conception-bientot-rendue-publique\\\/#breadcrumb\",\"itemListElement\":[{\"@type\":\"ListItem\",\"position\":1,\"name\":\"Home\",\"item\":\"https:\\\/\\\/adisoke.ca\\\/fr\\\/\"},{\"@type\":\"ListItem\",\"position\":2,\"name\":\"Version d\u00e9finitive des dessins de conception bient\u00f4t rendue publique\"}]},{\"@type\":\"WebSite\",\"@id\":\"https:\\\/\\\/adisoke.ca\\\/#website\",\"url\":\"https:\\\/\\\/adisoke.ca\\\/\",\"name\":\"\u0101dis\u014dke\",\"description\":\"Stories live here.\",\"publisher\":{\"@id\":\"https:\\\/\\\/adisoke.ca\\\/#organization\"},\"potentialAction\":[{\"@type\":\"SearchAction\",\"target\":{\"@type\":\"EntryPoint\",\"urlTemplate\":\"https:\\\/\\\/adisoke.ca\\\/?s={search_term_string}\"},\"query-input\":{\"@type\":\"PropertyValueSpecification\",\"valueRequired\":true,\"valueName\":\"search_term_string\"}}],\"inLanguage\":\"fr-FR\"},{\"@type\":\"Organization\",\"@id\":\"https:\\\/\\\/adisoke.ca\\\/#organization\",\"name\":\"\u0101dis\u014dke\",\"url\":\"https:\\\/\\\/adisoke.ca\\\/\",\"logo\":{\"@type\":\"ImageObject\",\"inLanguage\":\"fr-FR\",\"@id\":\"https:\\\/\\\/adisoke.ca\\\/#\\\/schema\\\/logo\\\/image\\\/\",\"url\":\"https:\\\/\\\/adisoke.ca\\\/wp-content\\\/uploads\\\/2023\\\/09\\\/a\u0304diso\u0304ke_23_Wordmark_B_RGB.png\",\"contentUrl\":\"https:\\\/\\\/adisoke.ca\\\/wp-content\\\/uploads\\\/2023\\\/09\\\/a\u0304diso\u0304ke_23_Wordmark_B_RGB.png\",\"width\":850,\"height\":202,\"caption\":\"\u0101dis\u014dke\"},\"image\":{\"@id\":\"https:\\\/\\\/adisoke.ca\\\/#\\\/schema\\\/logo\\\/image\\\/\"}}]}<\/script>\n<!-- \/ Yoast SEO plugin. -->","yoast_head_json":{"title":"Version d\u00e9finitive des dessins de conception bient\u00f4t rendue publique","robots":{"index":"index","follow":"follow","max-snippet":"max-snippet:-1","max-image-preview":"max-image-preview:large","max-video-preview":"max-video-preview:-1"},"canonical":"https:\/\/adisoke.ca\/fr\/news-post\/version-definitive-des-dessins-de-conception-bientot-rendue-publique\/","og_locale":"fr_FR","og_type":"article","og_title":"Version d\u00e9finitive des dessins de conception bient\u00f4t rendue publique","og_description":"La version d\u00e9finitive du plan de conception de la nouvelle installation partag\u00e9e de la Biblioth\u00e8que publique d\u2019Ottawa et de Biblioth\u00e8que et Archives Canada sera publi\u00e9e sur le site Web du projet\u00a0au cours des prochaines semaines. Ce plan de conception, ayant \u00e9t\u00e9 r\u00e9alis\u00e9 par le cabinet\u00a0Diamond Schmitt\u00a0Architects, en coentreprise avec le cabinet d\u2019Ottawa KWC architects, s\u2019inscrit...","og_url":"https:\/\/adisoke.ca\/fr\/news-post\/version-definitive-des-dessins-de-conception-bientot-rendue-publique\/","og_site_name":"\u0101dis\u014dke","article_modified_time":"2023-10-11T16:59:49+00:00","og_image":[{"width":850,"height":202,"url":"https:\/\/adisoke.ca\/wp-content\/uploads\/2023\/09\/a\u0304diso\u0304ke_23_Wordmark_B_RGB.png","type":"image\/png"}],"twitter_card":"summary_large_image","twitter_image":"https:\/\/adisoke.ca\/wp-content\/uploads\/2023\/09\/a\u0304diso\u0304ke_23_Wordmark_B_RGB.png","twitter_misc":{"Dur\u00e9e de lecture estim\u00e9e":"1 minute"},"schema":{"@context":"https:\/\/schema.org","@graph":[{"@type":"WebPage","@id":"https:\/\/adisoke.ca\/fr\/news-post\/version-definitive-des-dessins-de-conception-bientot-rendue-publique\/","url":"https:\/\/adisoke.ca\/fr\/news-post\/version-definitive-des-dessins-de-conception-bientot-rendue-publique\/","name":"Version d\u00e9finitive des dessins de conception bient\u00f4t rendue publique","isPartOf":{"@id":"https:\/\/adisoke.ca\/#website"},"primaryImageOfPage":{"@id":"https:\/\/adisoke.ca\/fr\/news-post\/version-definitive-des-dessins-de-conception-bientot-rendue-publique\/#primaryimage"},"image":{"@id":"https:\/\/adisoke.ca\/fr\/news-post\/version-definitive-des-dessins-de-conception-bientot-rendue-publique\/#primaryimage"},"thumbnailUrl":"https:\/\/adisoke.ca\/wp-content\/uploads\/2023\/09\/OPL-space-5th-floor-scaled.jpg","datePublished":"2021-04-13T22:51:00+00:00","dateModified":"2023-10-11T16:59:49+00:00","breadcrumb":{"@id":"https:\/\/adisoke.ca\/fr\/news-post\/version-definitive-des-dessins-de-conception-bientot-rendue-publique\/#breadcrumb"},"inLanguage":"fr-FR","potentialAction":[{"@type":"ReadAction","target":["https:\/\/adisoke.ca\/fr\/news-post\/version-definitive-des-dessins-de-conception-bientot-rendue-publique\/"]}]},{"@type":"ImageObject","inLanguage":"fr-FR","@id":"https:\/\/adisoke.ca\/fr\/news-post\/version-definitive-des-dessins-de-conception-bientot-rendue-publique\/#primaryimage","url":"https:\/\/adisoke.ca\/wp-content\/uploads\/2023\/09\/OPL-space-5th-floor-scaled.jpg","contentUrl":"https:\/\/adisoke.ca\/wp-content\/uploads\/2023\/09\/OPL-space-5th-floor-scaled.jpg","width":2560,"height":1440},{"@type":"BreadcrumbList","@id":"https:\/\/adisoke.ca\/fr\/news-post\/version-definitive-des-dessins-de-conception-bientot-rendue-publique\/#breadcrumb","itemListElement":[{"@type":"ListItem","position":1,"name":"Home","item":"https:\/\/adisoke.ca\/fr\/"},{"@type":"ListItem","position":2,"name":"Version d\u00e9finitive des dessins de conception bient\u00f4t rendue publique"}]},{"@type":"WebSite","@id":"https:\/\/adisoke.ca\/#website","url":"https:\/\/adisoke.ca\/","name":"\u0101dis\u014dke","description":"Stories live here.","publisher":{"@id":"https:\/\/adisoke.ca\/#organization"},"potentialAction":[{"@type":"SearchAction","target":{"@type":"EntryPoint","urlTemplate":"https:\/\/adisoke.ca\/?s={search_term_string}"},"query-input":{"@type":"PropertyValueSpecification","valueRequired":true,"valueName":"search_term_string"}}],"inLanguage":"fr-FR"},{"@type":"Organization","@id":"https:\/\/adisoke.ca\/#organization","name":"\u0101dis\u014dke","url":"https:\/\/adisoke.ca\/","logo":{"@type":"ImageObject","inLanguage":"fr-FR","@id":"https:\/\/adisoke.ca\/#\/schema\/logo\/image\/","url":"https:\/\/adisoke.ca\/wp-content\/uploads\/2023\/09\/a\u0304diso\u0304ke_23_Wordmark_B_RGB.png","contentUrl":"https:\/\/adisoke.ca\/wp-content\/uploads\/2023\/09\/a\u0304diso\u0304ke_23_Wordmark_B_RGB.png","width":850,"height":202,"caption":"\u0101dis\u014dke"},"image":{"@id":"https:\/\/adisoke.ca\/#\/schema\/logo\/image\/"}}]}},"_links":{"self":[{"href":"https:\/\/adisoke.ca\/fr\/wp-json\/wp\/v2\/news-post\/2528","targetHints":{"allow":["GET"]}}],"collection":[{"href":"https:\/\/adisoke.ca\/fr\/wp-json\/wp\/v2\/news-post"}],"about":[{"href":"https:\/\/adisoke.ca\/fr\/wp-json\/wp\/v2\/types\/news-post"}],"author":[{"embeddable":true,"href":"https:\/\/adisoke.ca\/fr\/wp-json\/wp\/v2\/users\/1"}],"version-history":[{"count":1,"href":"https:\/\/adisoke.ca\/fr\/wp-json\/wp\/v2\/news-post\/2528\/revisions"}],"predecessor-version":[{"id":5247,"href":"https:\/\/adisoke.ca\/fr\/wp-json\/wp\/v2\/news-post\/2528\/revisions\/5247"}],"wp:featuredmedia":[{"embeddable":true,"href":"https:\/\/adisoke.ca\/fr\/wp-json\/wp\/v2\/media\/2542"}],"wp:attachment":[{"href":"https:\/\/adisoke.ca\/fr\/wp-json\/wp\/v2\/media?parent=2528"}],"wp:term":[{"taxonomy":"news-category","embeddable":true,"href":"https:\/\/adisoke.ca\/fr\/wp-json\/wp\/v2\/news-category?post=2528"},{"taxonomy":"news-year","embeddable":true,"href":"https:\/\/adisoke.ca\/fr\/wp-json\/wp\/v2\/news-year?post=2528"}],"curies":[{"name":"wp","href":"https:\/\/api.w.org\/{rel}","templated":true}]}}