{"id":2574,"date":"2020-12-02T16:04:00","date_gmt":"2020-12-02T21:04:00","guid":{"rendered":"https:\/\/adisoke.ca\/news-post\/grace-au-financement-federal-linstallation-partagee-sera-zero-emission-nette-de-carbone\/"},"modified":"2023-10-11T13:01:56","modified_gmt":"2023-10-11T17:01:56","slug":"grace-au-financement-federal-linstallation-partagee-sera-zero-emission-nette-de-carbone","status":"publish","type":"news-post","link":"https:\/\/adisoke.ca\/fr\/news-post\/grace-au-financement-federal-linstallation-partagee-sera-zero-emission-nette-de-carbone\/","title":{"rendered":"Gr\u00e2ce au financement f\u00e9d\u00e9ral, l\u2019installation partag\u00e9e sera z\u00e9ro \u00e9mission nette de carbone"},"content":{"rendered":"<p>Dans son <a href=\"https:\/\/www.budget.gc.ca\/fes-eea\/2020\/home-accueil-fr.html\">\u00c9nonc\u00e9 \u00e9conomique de l\u2019automne<\/a>, le gouvernement du Canada a annonc\u00e9 qu\u2019il financera les am\u00e9liorations de la durabilit\u00e9 de l\u2019installation partag\u00e9e pour veiller \u00e0 ce qu\u2019elle soit z\u00e9ro \u00e9mission nette de carbone.<br \/>\nDans le cadre de leur objectif commun dans l\u2019am\u00e9nagement d\u2019une installation \u00e0 la pointe de la modernit\u00e9, Biblioth\u00e8que et Archives Canada, la Biblioth\u00e8que publique d\u2019Ottawa et la Ville sont fiers d\u2019annoncer que l\u2019installation partag\u00e9e sera un mod\u00e8le environnemental et une vitrine de la conception des infrastructures durables dans la capitale nationale et d\u2019un oc\u00e9an \u00e0 l\u2019autre.<\/p>\n<p>Ce financement permettra d\u2019apporter \u00e0 l\u2019installation des am\u00e9liorations consid\u00e9rables :<\/p>\n<ul>\n<li>en rehaussant l\u2019ext\u00e9rieur et l\u2019isolation du b\u00e2timent;<\/li>\n<li>en posant des fen\u00eatres \u00e0 triple vitrage;<\/li>\n<li>en posant des panneaux solaires sur le toit du b\u00e2timent et sur la fa\u00e7ade de l\u2019immeuble;<\/li>\n<li>en faisant appel \u00e0 des mat\u00e9riaux de construction plus durables;<\/li>\n<li>en am\u00e9nageant un mur vert \u00e0 l\u2019int\u00e9rieur de l\u2019installation.<\/li>\n<\/ul>\n<p>En pr\u00e9vision de ce financement suppl\u00e9mentaire pour la durabilit\u00e9, l\u2019\u00e9quipe du projet et les architectes avaient d\u00e9j\u00e0 travaill\u00e9 sur les moyens de rehausser les caract\u00e9ristiques de durabilit\u00e9 du b\u00e2timent, en apportant entre autres des am\u00e9liorations pour que l\u2019installation soit z\u00e9ro \u00e9mission nette de carbone. Ces changements n\u2019entra\u00eeneront donc pas de retard dans le calendrier du projet.<\/p>\n<p>Pour Biblioth\u00e8que et Archives Canada, il s\u2019agit du deuxi\u00e8me grand projet d\u2019infrastructures durables. L\u2019organisme construit actuellement, \u00e0 Gatineau au Qu\u00e9bec, un <a href=\"https:\/\/www.bac-lac.gc.ca\/fra\/a-notre-sujet\/nos-projets-infrastructures\/nouvelle-installation-preservation\/Pages\/nouvelle-installation-preservation.aspx\">deuxi\u00e8me centre de pr\u00e9servation<\/a>, qui sera le premier b\u00e2timent f\u00e9d\u00e9ral construit selon les exigences de la Strat\u00e9gie canadienne pour un gouvernement vert.<\/p>\n","protected":false},"excerpt":{"rendered":"<p>Dans son \u00c9nonc\u00e9 \u00e9conomique de l\u2019automne, le gouvernement du Canada a annonc\u00e9 qu\u2019il financera les am\u00e9liorations de la durabilit\u00e9 de l\u2019installation partag\u00e9e pour veiller \u00e0 ce qu\u2019elle soit z\u00e9ro \u00e9mission nette de carbone. Dans le cadre de leur objectif commun dans l\u2019am\u00e9nagement d\u2019une installation \u00e0 la pointe de la modernit\u00e9, Biblioth\u00e8que et Archives Canada, la&#8230;<\/p>\n","protected":false},"author":1,"featured_media":2580,"template":"","news-category":[40],"news-year":[54],"class_list":["post-2574","news-post","type-news-post","status-publish","has-post-thumbnail","hentry","news-category-conception","news-year-2020-fr"],"acf":[],"yoast_head":"<!-- This site is optimized with the Yoast SEO plugin v27.4 - https:\/\/yoast.com\/product\/yoast-seo-wordpress\/ -->\n<title>Gr\u00e2ce au financement f\u00e9d\u00e9ral, l\u2019installation partag\u00e9e sera z\u00e9ro \u00e9mission nette de carbone<\/title>\n<meta name=\"robots\" content=\"index, follow, max-snippet:-1, max-image-preview:large, max-video-preview:-1\" \/>\n<link rel=\"canonical\" href=\"https:\/\/adisoke.ca\/fr\/news-post\/grace-au-financement-federal-linstallation-partagee-sera-zero-emission-nette-de-carbone\/\" \/>\n<meta property=\"og:locale\" content=\"fr_FR\" \/>\n<meta property=\"og:type\" content=\"article\" \/>\n<meta property=\"og:title\" content=\"Gr\u00e2ce au financement f\u00e9d\u00e9ral, l\u2019installation partag\u00e9e sera z\u00e9ro \u00e9mission nette de carbone\" \/>\n<meta property=\"og:description\" content=\"Dans son \u00c9nonc\u00e9 \u00e9conomique de l\u2019automne, le gouvernement du Canada a annonc\u00e9 qu\u2019il financera les am\u00e9liorations de la durabilit\u00e9 de l\u2019installation partag\u00e9e pour veiller \u00e0 ce qu\u2019elle soit z\u00e9ro \u00e9mission nette de carbone. Dans le cadre de leur objectif commun dans l\u2019am\u00e9nagement d\u2019une installation \u00e0 la pointe de la modernit\u00e9, Biblioth\u00e8que et Archives Canada, la...\" \/>\n<meta property=\"og:url\" content=\"https:\/\/adisoke.ca\/fr\/news-post\/grace-au-financement-federal-linstallation-partagee-sera-zero-emission-nette-de-carbone\/\" \/>\n<meta property=\"og:site_name\" content=\"\u0101dis\u014dke\" \/>\n<meta property=\"article:modified_time\" content=\"2023-10-11T17:01:56+00:00\" \/>\n<meta property=\"og:image\" content=\"https:\/\/adisoke.ca\/wp-content\/uploads\/2023\/09\/a\u0304diso\u0304ke_23_Wordmark_B_RGB.png\" \/>\n\t<meta property=\"og:image:width\" content=\"850\" \/>\n\t<meta property=\"og:image:height\" content=\"202\" \/>\n\t<meta property=\"og:image:type\" content=\"image\/png\" \/>\n<meta name=\"twitter:card\" content=\"summary_large_image\" \/>\n<meta name=\"twitter:image\" content=\"https:\/\/adisoke.ca\/wp-content\/uploads\/2023\/09\/a\u0304diso\u0304ke_23_Wordmark_B_RGB.png\" \/>\n<meta name=\"twitter:label1\" content=\"Dur\u00e9e de lecture estim\u00e9e\" \/>\n\t<meta name=\"twitter:data1\" content=\"1 minute\" \/>\n<script type=\"application\/ld+json\" class=\"yoast-schema-graph\">{\"@context\":\"https:\\\/\\\/schema.org\",\"@graph\":[{\"@type\":\"WebPage\",\"@id\":\"https:\\\/\\\/adisoke.ca\\\/fr\\\/news-post\\\/grace-au-financement-federal-linstallation-partagee-sera-zero-emission-nette-de-carbone\\\/\",\"url\":\"https:\\\/\\\/adisoke.ca\\\/fr\\\/news-post\\\/grace-au-financement-federal-linstallation-partagee-sera-zero-emission-nette-de-carbone\\\/\",\"name\":\"Gr\u00e2ce au financement f\u00e9d\u00e9ral, l\u2019installation partag\u00e9e sera z\u00e9ro \u00e9mission nette de carbone\",\"isPartOf\":{\"@id\":\"https:\\\/\\\/adisoke.ca\\\/#website\"},\"primaryImageOfPage\":{\"@id\":\"https:\\\/\\\/adisoke.ca\\\/fr\\\/news-post\\\/grace-au-financement-federal-linstallation-partagee-sera-zero-emission-nette-de-carbone\\\/#primaryimage\"},\"image\":{\"@id\":\"https:\\\/\\\/adisoke.ca\\\/fr\\\/news-post\\\/grace-au-financement-federal-linstallation-partagee-sera-zero-emission-nette-de-carbone\\\/#primaryimage\"},\"thumbnailUrl\":\"https:\\\/\\\/adisoke.ca\\\/wp-content\\\/uploads\\\/2023\\\/09\\\/NZC-Rendering-EXT.jpg\",\"datePublished\":\"2020-12-02T21:04:00+00:00\",\"dateModified\":\"2023-10-11T17:01:56+00:00\",\"breadcrumb\":{\"@id\":\"https:\\\/\\\/adisoke.ca\\\/fr\\\/news-post\\\/grace-au-financement-federal-linstallation-partagee-sera-zero-emission-nette-de-carbone\\\/#breadcrumb\"},\"inLanguage\":\"fr-FR\",\"potentialAction\":[{\"@type\":\"ReadAction\",\"target\":[\"https:\\\/\\\/adisoke.ca\\\/fr\\\/news-post\\\/grace-au-financement-federal-linstallation-partagee-sera-zero-emission-nette-de-carbone\\\/\"]}]},{\"@type\":\"ImageObject\",\"inLanguage\":\"fr-FR\",\"@id\":\"https:\\\/\\\/adisoke.ca\\\/fr\\\/news-post\\\/grace-au-financement-federal-linstallation-partagee-sera-zero-emission-nette-de-carbone\\\/#primaryimage\",\"url\":\"https:\\\/\\\/adisoke.ca\\\/wp-content\\\/uploads\\\/2023\\\/09\\\/NZC-Rendering-EXT.jpg\",\"contentUrl\":\"https:\\\/\\\/adisoke.ca\\\/wp-content\\\/uploads\\\/2023\\\/09\\\/NZC-Rendering-EXT.jpg\",\"width\":1440,\"height\":1440},{\"@type\":\"BreadcrumbList\",\"@id\":\"https:\\\/\\\/adisoke.ca\\\/fr\\\/news-post\\\/grace-au-financement-federal-linstallation-partagee-sera-zero-emission-nette-de-carbone\\\/#breadcrumb\",\"itemListElement\":[{\"@type\":\"ListItem\",\"position\":1,\"name\":\"Home\",\"item\":\"https:\\\/\\\/adisoke.ca\\\/fr\\\/\"},{\"@type\":\"ListItem\",\"position\":2,\"name\":\"Gr\u00e2ce au financement f\u00e9d\u00e9ral, l\u2019installation partag\u00e9e sera z\u00e9ro \u00e9mission nette de carbone\"}]},{\"@type\":\"WebSite\",\"@id\":\"https:\\\/\\\/adisoke.ca\\\/#website\",\"url\":\"https:\\\/\\\/adisoke.ca\\\/\",\"name\":\"\u0101dis\u014dke\",\"description\":\"Stories live here.\",\"publisher\":{\"@id\":\"https:\\\/\\\/adisoke.ca\\\/#organization\"},\"potentialAction\":[{\"@type\":\"SearchAction\",\"target\":{\"@type\":\"EntryPoint\",\"urlTemplate\":\"https:\\\/\\\/adisoke.ca\\\/?s={search_term_string}\"},\"query-input\":{\"@type\":\"PropertyValueSpecification\",\"valueRequired\":true,\"valueName\":\"search_term_string\"}}],\"inLanguage\":\"fr-FR\"},{\"@type\":\"Organization\",\"@id\":\"https:\\\/\\\/adisoke.ca\\\/#organization\",\"name\":\"\u0101dis\u014dke\",\"url\":\"https:\\\/\\\/adisoke.ca\\\/\",\"logo\":{\"@type\":\"ImageObject\",\"inLanguage\":\"fr-FR\",\"@id\":\"https:\\\/\\\/adisoke.ca\\\/#\\\/schema\\\/logo\\\/image\\\/\",\"url\":\"https:\\\/\\\/adisoke.ca\\\/wp-content\\\/uploads\\\/2023\\\/09\\\/a\u0304diso\u0304ke_23_Wordmark_B_RGB.png\",\"contentUrl\":\"https:\\\/\\\/adisoke.ca\\\/wp-content\\\/uploads\\\/2023\\\/09\\\/a\u0304diso\u0304ke_23_Wordmark_B_RGB.png\",\"width\":850,\"height\":202,\"caption\":\"\u0101dis\u014dke\"},\"image\":{\"@id\":\"https:\\\/\\\/adisoke.ca\\\/#\\\/schema\\\/logo\\\/image\\\/\"}}]}<\/script>\n<!-- \/ Yoast SEO plugin. -->","yoast_head_json":{"title":"Gr\u00e2ce au financement f\u00e9d\u00e9ral, l\u2019installation partag\u00e9e sera z\u00e9ro \u00e9mission nette de carbone","robots":{"index":"index","follow":"follow","max-snippet":"max-snippet:-1","max-image-preview":"max-image-preview:large","max-video-preview":"max-video-preview:-1"},"canonical":"https:\/\/adisoke.ca\/fr\/news-post\/grace-au-financement-federal-linstallation-partagee-sera-zero-emission-nette-de-carbone\/","og_locale":"fr_FR","og_type":"article","og_title":"Gr\u00e2ce au financement f\u00e9d\u00e9ral, l\u2019installation partag\u00e9e sera z\u00e9ro \u00e9mission nette de carbone","og_description":"Dans son \u00c9nonc\u00e9 \u00e9conomique de l\u2019automne, le gouvernement du Canada a annonc\u00e9 qu\u2019il financera les am\u00e9liorations de la durabilit\u00e9 de l\u2019installation partag\u00e9e pour veiller \u00e0 ce qu\u2019elle soit z\u00e9ro \u00e9mission nette de carbone. Dans le cadre de leur objectif commun dans l\u2019am\u00e9nagement d\u2019une installation \u00e0 la pointe de la modernit\u00e9, Biblioth\u00e8que et Archives Canada, la...","og_url":"https:\/\/adisoke.ca\/fr\/news-post\/grace-au-financement-federal-linstallation-partagee-sera-zero-emission-nette-de-carbone\/","og_site_name":"\u0101dis\u014dke","article_modified_time":"2023-10-11T17:01:56+00:00","og_image":[{"width":850,"height":202,"url":"https:\/\/adisoke.ca\/wp-content\/uploads\/2023\/09\/a\u0304diso\u0304ke_23_Wordmark_B_RGB.png","type":"image\/png"}],"twitter_card":"summary_large_image","twitter_image":"https:\/\/adisoke.ca\/wp-content\/uploads\/2023\/09\/a\u0304diso\u0304ke_23_Wordmark_B_RGB.png","twitter_misc":{"Dur\u00e9e de lecture estim\u00e9e":"1 minute"},"schema":{"@context":"https:\/\/schema.org","@graph":[{"@type":"WebPage","@id":"https:\/\/adisoke.ca\/fr\/news-post\/grace-au-financement-federal-linstallation-partagee-sera-zero-emission-nette-de-carbone\/","url":"https:\/\/adisoke.ca\/fr\/news-post\/grace-au-financement-federal-linstallation-partagee-sera-zero-emission-nette-de-carbone\/","name":"Gr\u00e2ce au financement f\u00e9d\u00e9ral, l\u2019installation partag\u00e9e sera z\u00e9ro \u00e9mission nette de carbone","isPartOf":{"@id":"https:\/\/adisoke.ca\/#website"},"primaryImageOfPage":{"@id":"https:\/\/adisoke.ca\/fr\/news-post\/grace-au-financement-federal-linstallation-partagee-sera-zero-emission-nette-de-carbone\/#primaryimage"},"image":{"@id":"https:\/\/adisoke.ca\/fr\/news-post\/grace-au-financement-federal-linstallation-partagee-sera-zero-emission-nette-de-carbone\/#primaryimage"},"thumbnailUrl":"https:\/\/adisoke.ca\/wp-content\/uploads\/2023\/09\/NZC-Rendering-EXT.jpg","datePublished":"2020-12-02T21:04:00+00:00","dateModified":"2023-10-11T17:01:56+00:00","breadcrumb":{"@id":"https:\/\/adisoke.ca\/fr\/news-post\/grace-au-financement-federal-linstallation-partagee-sera-zero-emission-nette-de-carbone\/#breadcrumb"},"inLanguage":"fr-FR","potentialAction":[{"@type":"ReadAction","target":["https:\/\/adisoke.ca\/fr\/news-post\/grace-au-financement-federal-linstallation-partagee-sera-zero-emission-nette-de-carbone\/"]}]},{"@type":"ImageObject","inLanguage":"fr-FR","@id":"https:\/\/adisoke.ca\/fr\/news-post\/grace-au-financement-federal-linstallation-partagee-sera-zero-emission-nette-de-carbone\/#primaryimage","url":"https:\/\/adisoke.ca\/wp-content\/uploads\/2023\/09\/NZC-Rendering-EXT.jpg","contentUrl":"https:\/\/adisoke.ca\/wp-content\/uploads\/2023\/09\/NZC-Rendering-EXT.jpg","width":1440,"height":1440},{"@type":"BreadcrumbList","@id":"https:\/\/adisoke.ca\/fr\/news-post\/grace-au-financement-federal-linstallation-partagee-sera-zero-emission-nette-de-carbone\/#breadcrumb","itemListElement":[{"@type":"ListItem","position":1,"name":"Home","item":"https:\/\/adisoke.ca\/fr\/"},{"@type":"ListItem","position":2,"name":"Gr\u00e2ce au financement f\u00e9d\u00e9ral, l\u2019installation partag\u00e9e sera z\u00e9ro \u00e9mission nette de carbone"}]},{"@type":"WebSite","@id":"https:\/\/adisoke.ca\/#website","url":"https:\/\/adisoke.ca\/","name":"\u0101dis\u014dke","description":"Stories live here.","publisher":{"@id":"https:\/\/adisoke.ca\/#organization"},"potentialAction":[{"@type":"SearchAction","target":{"@type":"EntryPoint","urlTemplate":"https:\/\/adisoke.ca\/?s={search_term_string}"},"query-input":{"@type":"PropertyValueSpecification","valueRequired":true,"valueName":"search_term_string"}}],"inLanguage":"fr-FR"},{"@type":"Organization","@id":"https:\/\/adisoke.ca\/#organization","name":"\u0101dis\u014dke","url":"https:\/\/adisoke.ca\/","logo":{"@type":"ImageObject","inLanguage":"fr-FR","@id":"https:\/\/adisoke.ca\/#\/schema\/logo\/image\/","url":"https:\/\/adisoke.ca\/wp-content\/uploads\/2023\/09\/a\u0304diso\u0304ke_23_Wordmark_B_RGB.png","contentUrl":"https:\/\/adisoke.ca\/wp-content\/uploads\/2023\/09\/a\u0304diso\u0304ke_23_Wordmark_B_RGB.png","width":850,"height":202,"caption":"\u0101dis\u014dke"},"image":{"@id":"https:\/\/adisoke.ca\/#\/schema\/logo\/image\/"}}]}},"_links":{"self":[{"href":"https:\/\/adisoke.ca\/fr\/wp-json\/wp\/v2\/news-post\/2574","targetHints":{"allow":["GET"]}}],"collection":[{"href":"https:\/\/adisoke.ca\/fr\/wp-json\/wp\/v2\/news-post"}],"about":[{"href":"https:\/\/adisoke.ca\/fr\/wp-json\/wp\/v2\/types\/news-post"}],"author":[{"embeddable":true,"href":"https:\/\/adisoke.ca\/fr\/wp-json\/wp\/v2\/users\/1"}],"version-history":[{"count":1,"href":"https:\/\/adisoke.ca\/fr\/wp-json\/wp\/v2\/news-post\/2574\/revisions"}],"predecessor-version":[{"id":5261,"href":"https:\/\/adisoke.ca\/fr\/wp-json\/wp\/v2\/news-post\/2574\/revisions\/5261"}],"wp:featuredmedia":[{"embeddable":true,"href":"https:\/\/adisoke.ca\/fr\/wp-json\/wp\/v2\/media\/2580"}],"wp:attachment":[{"href":"https:\/\/adisoke.ca\/fr\/wp-json\/wp\/v2\/media?parent=2574"}],"wp:term":[{"taxonomy":"news-category","embeddable":true,"href":"https:\/\/adisoke.ca\/fr\/wp-json\/wp\/v2\/news-category?post=2574"},{"taxonomy":"news-year","embeddable":true,"href":"https:\/\/adisoke.ca\/fr\/wp-json\/wp\/v2\/news-year?post=2574"}],"curies":[{"name":"wp","href":"https:\/\/api.w.org\/{rel}","templated":true}]}}