{"id":2637,"date":"2018-03-07T12:28:00","date_gmt":"2018-03-07T17:28:00","guid":{"rendered":"https:\/\/adisoke.ca\/news-post\/un-nouveau-partenariat-entre-bibliotheque-et-archives-canada-et-la-bibliotheque-publique-dottawa\/"},"modified":"2023-10-11T12:54:53","modified_gmt":"2023-10-11T16:54:53","slug":"un-nouveau-partenariat-entre-bibliotheque-et-archives-canada-et-la-bibliotheque-publique-dottawa","status":"publish","type":"news-post","link":"https:\/\/adisoke.ca\/fr\/news-post\/un-nouveau-partenariat-entre-bibliotheque-et-archives-canada-et-la-bibliotheque-publique-dottawa\/","title":{"rendered":"Un nouveau partenariat entre Biblioth\u00e8que et Archives Canada et la Biblioth\u00e8que publique d\u2019Ottawa"},"content":{"rendered":"<p>Le 27 f\u00e9vrier 2018, le Gouvernement du Canada a d\u00e9pos\u00e9 son Budget de 2018. Celui-ci comprend le financement propos\u00e9 pour une nouvelle installation conjointe de Biblioth\u00e8que et Archives Canada (BAC) et de la Biblioth\u00e8que publique d\u2019Ottawa (BPO). La Ville d\u2019Ottawa et la Biblioth\u00e8que publique d\u2019Ottawa sont ravis de voir que ce partenariat figure parmi les priorit\u00e9s budg\u00e9taires f\u00e9d\u00e9rales, confirmant ainsi, un engagement concret de la part du gouvernement f\u00e9d\u00e9ral pour le projet de la biblioth\u00e8que Centrale. Tout en tenant compte de cet engagement, nous continuerons de travailler avec Biblioth\u00e8que et Archives Canada pour avancer ce projet. Un rapport sera pr\u00e9sent\u00e9 au Conseil d\u2019administration de la Biblioth\u00e8que publique d\u2019Ottawa, au Comit\u00e9 des finances et du d\u00e9veloppement \u00e9conomique et au Conseil municipal portant sur les prochaines \u00e9tapes du projet, au printemps prochain.<br \/>\nVoici l\u2019information officielle tir\u00e9e du budget f\u00e9d\u00e9ral de 2018\u00a0:<\/p>\n<p>Le gouvernement [du Canada] pr\u00e9voit un financement de 73,3 millions de dollars sur six ans \u00e0 compter de 2018-2019, et de quatre millions de dollars par ann\u00e9e par la suite, afin d\u2019appuyer la construction et le fonctionnement d\u2019une nouvelle installation conjointe qui h\u00e9bergera Biblioth\u00e8que et Archives Canada et la Biblioth\u00e8que publique d\u2019Ottawa. Ce financement repr\u00e9sente la part du projet assum\u00e9e par le gouvernement f\u00e9d\u00e9ral; le reste des fonds devant provenir de la Ville d\u2019Ottawa. Ce nouveau b\u00e2timent sera un carrefour communautaire et un guichet unique rendant possible l\u2019acc\u00e8s \u00e0 la biblioth\u00e8que et aux archives nationales et \u00e0 une biblioth\u00e8que publique de classe mondiale au c\u0153ur de la capitale du Canada, ce qui favorisera la participation communautaire des citoyens et am\u00e9liorera l\u2019acc\u00e8s \u00e0 l\u2019histoire, \u00e0 la culture et aux connaissances collectives du Canada. On s\u2019attend \u00e0 ce que le nouveau b\u00e2timent soit achev\u00e9 d\u2019ici 2023.<\/p>\n","protected":false},"excerpt":{"rendered":"<p>Le 27 f\u00e9vrier 2018, le Gouvernement du Canada a d\u00e9pos\u00e9 son Budget de 2018. Celui-ci comprend le financement propos\u00e9 pour une nouvelle installation conjointe de Biblioth\u00e8que et Archives Canada (BAC) et de la Biblioth\u00e8que publique d\u2019Ottawa (BPO). La Ville d\u2019Ottawa et la Biblioth\u00e8que publique d\u2019Ottawa sont ravis de voir que ce partenariat figure parmi les&#8230;<\/p>\n","protected":false},"author":1,"featured_media":2641,"template":"","news-category":[43],"news-year":[52],"class_list":["post-2637","news-post","type-news-post","status-publish","has-post-thumbnail","hentry","news-category-grandes-etapes","news-year-2018-fr"],"acf":[],"yoast_head":"<!-- This site is optimized with the Yoast SEO plugin v27.5 - https:\/\/yoast.com\/product\/yoast-seo-wordpress\/ -->\n<title>Un nouveau partenariat entre Biblioth\u00e8que et Archives Canada et la Biblioth\u00e8que publique d\u2019Ottawa<\/title>\n<meta name=\"robots\" content=\"index, follow, max-snippet:-1, max-image-preview:large, max-video-preview:-1\" \/>\n<link rel=\"canonical\" href=\"https:\/\/adisoke.ca\/fr\/news-post\/un-nouveau-partenariat-entre-bibliotheque-et-archives-canada-et-la-bibliotheque-publique-dottawa\/\" \/>\n<meta property=\"og:locale\" content=\"fr_FR\" \/>\n<meta property=\"og:type\" content=\"article\" \/>\n<meta property=\"og:title\" content=\"Un nouveau partenariat entre Biblioth\u00e8que et Archives Canada et la Biblioth\u00e8que publique d\u2019Ottawa\" \/>\n<meta property=\"og:description\" content=\"Le 27 f\u00e9vrier 2018, le Gouvernement du Canada a d\u00e9pos\u00e9 son Budget de 2018. Celui-ci comprend le financement propos\u00e9 pour une nouvelle installation conjointe de Biblioth\u00e8que et Archives Canada (BAC) et de la Biblioth\u00e8que publique d\u2019Ottawa (BPO). La Ville d\u2019Ottawa et la Biblioth\u00e8que publique d\u2019Ottawa sont ravis de voir que ce partenariat figure parmi les...\" \/>\n<meta property=\"og:url\" content=\"https:\/\/adisoke.ca\/fr\/news-post\/un-nouveau-partenariat-entre-bibliotheque-et-archives-canada-et-la-bibliotheque-publique-dottawa\/\" \/>\n<meta property=\"og:site_name\" content=\"\u0101dis\u014dke\" \/>\n<meta property=\"article:modified_time\" content=\"2023-10-11T16:54:53+00:00\" \/>\n<meta property=\"og:image\" content=\"https:\/\/adisoke.ca\/wp-content\/uploads\/2023\/09\/a\u0304diso\u0304ke_23_Wordmark_B_RGB.png\" \/>\n\t<meta property=\"og:image:width\" content=\"850\" \/>\n\t<meta property=\"og:image:height\" content=\"202\" \/>\n\t<meta property=\"og:image:type\" content=\"image\/png\" \/>\n<meta name=\"twitter:card\" content=\"summary_large_image\" \/>\n<meta name=\"twitter:image\" content=\"https:\/\/adisoke.ca\/wp-content\/uploads\/2023\/09\/a\u0304diso\u0304ke_23_Wordmark_B_RGB.png\" \/>\n<meta name=\"twitter:label1\" content=\"Dur\u00e9e de lecture estim\u00e9e\" \/>\n\t<meta name=\"twitter:data1\" content=\"2 minutes\" \/>\n<script type=\"application\/ld+json\" class=\"yoast-schema-graph\">{\"@context\":\"https:\\\/\\\/schema.org\",\"@graph\":[{\"@type\":\"WebPage\",\"@id\":\"https:\\\/\\\/adisoke.ca\\\/fr\\\/news-post\\\/un-nouveau-partenariat-entre-bibliotheque-et-archives-canada-et-la-bibliotheque-publique-dottawa\\\/\",\"url\":\"https:\\\/\\\/adisoke.ca\\\/fr\\\/news-post\\\/un-nouveau-partenariat-entre-bibliotheque-et-archives-canada-et-la-bibliotheque-publique-dottawa\\\/\",\"name\":\"Un nouveau partenariat entre Biblioth\u00e8que et Archives Canada et la Biblioth\u00e8que publique d\u2019Ottawa\",\"isPartOf\":{\"@id\":\"https:\\\/\\\/adisoke.ca\\\/#website\"},\"primaryImageOfPage\":{\"@id\":\"https:\\\/\\\/adisoke.ca\\\/fr\\\/news-post\\\/un-nouveau-partenariat-entre-bibliotheque-et-archives-canada-et-la-bibliotheque-publique-dottawa\\\/#primaryimage\"},\"image\":{\"@id\":\"https:\\\/\\\/adisoke.ca\\\/fr\\\/news-post\\\/un-nouveau-partenariat-entre-bibliotheque-et-archives-canada-et-la-bibliotheque-publique-dottawa\\\/#primaryimage\"},\"thumbnailUrl\":\"https:\\\/\\\/adisoke.ca\\\/wp-content\\\/uploads\\\/2023\\\/09\\\/LAC_Logo_EN.png\",\"datePublished\":\"2018-03-07T17:28:00+00:00\",\"dateModified\":\"2023-10-11T16:54:53+00:00\",\"breadcrumb\":{\"@id\":\"https:\\\/\\\/adisoke.ca\\\/fr\\\/news-post\\\/un-nouveau-partenariat-entre-bibliotheque-et-archives-canada-et-la-bibliotheque-publique-dottawa\\\/#breadcrumb\"},\"inLanguage\":\"fr-FR\",\"potentialAction\":[{\"@type\":\"ReadAction\",\"target\":[\"https:\\\/\\\/adisoke.ca\\\/fr\\\/news-post\\\/un-nouveau-partenariat-entre-bibliotheque-et-archives-canada-et-la-bibliotheque-publique-dottawa\\\/\"]}]},{\"@type\":\"ImageObject\",\"inLanguage\":\"fr-FR\",\"@id\":\"https:\\\/\\\/adisoke.ca\\\/fr\\\/news-post\\\/un-nouveau-partenariat-entre-bibliotheque-et-archives-canada-et-la-bibliotheque-publique-dottawa\\\/#primaryimage\",\"url\":\"https:\\\/\\\/adisoke.ca\\\/wp-content\\\/uploads\\\/2023\\\/09\\\/LAC_Logo_EN.png\",\"contentUrl\":\"https:\\\/\\\/adisoke.ca\\\/wp-content\\\/uploads\\\/2023\\\/09\\\/LAC_Logo_EN.png\",\"width\":685,\"height\":440},{\"@type\":\"BreadcrumbList\",\"@id\":\"https:\\\/\\\/adisoke.ca\\\/fr\\\/news-post\\\/un-nouveau-partenariat-entre-bibliotheque-et-archives-canada-et-la-bibliotheque-publique-dottawa\\\/#breadcrumb\",\"itemListElement\":[{\"@type\":\"ListItem\",\"position\":1,\"name\":\"Home\",\"item\":\"https:\\\/\\\/adisoke.ca\\\/fr\\\/\"},{\"@type\":\"ListItem\",\"position\":2,\"name\":\"Un nouveau partenariat entre Biblioth\u00e8que et Archives Canada et la Biblioth\u00e8que publique d\u2019Ottawa\"}]},{\"@type\":\"WebSite\",\"@id\":\"https:\\\/\\\/adisoke.ca\\\/#website\",\"url\":\"https:\\\/\\\/adisoke.ca\\\/\",\"name\":\"\u0101dis\u014dke\",\"description\":\"Stories live here.\",\"publisher\":{\"@id\":\"https:\\\/\\\/adisoke.ca\\\/#organization\"},\"potentialAction\":[{\"@type\":\"SearchAction\",\"target\":{\"@type\":\"EntryPoint\",\"urlTemplate\":\"https:\\\/\\\/adisoke.ca\\\/?s={search_term_string}\"},\"query-input\":{\"@type\":\"PropertyValueSpecification\",\"valueRequired\":true,\"valueName\":\"search_term_string\"}}],\"inLanguage\":\"fr-FR\"},{\"@type\":\"Organization\",\"@id\":\"https:\\\/\\\/adisoke.ca\\\/#organization\",\"name\":\"\u0101dis\u014dke\",\"url\":\"https:\\\/\\\/adisoke.ca\\\/\",\"logo\":{\"@type\":\"ImageObject\",\"inLanguage\":\"fr-FR\",\"@id\":\"https:\\\/\\\/adisoke.ca\\\/#\\\/schema\\\/logo\\\/image\\\/\",\"url\":\"https:\\\/\\\/adisoke.ca\\\/wp-content\\\/uploads\\\/2023\\\/09\\\/a\u0304diso\u0304ke_23_Wordmark_B_RGB.png\",\"contentUrl\":\"https:\\\/\\\/adisoke.ca\\\/wp-content\\\/uploads\\\/2023\\\/09\\\/a\u0304diso\u0304ke_23_Wordmark_B_RGB.png\",\"width\":850,\"height\":202,\"caption\":\"\u0101dis\u014dke\"},\"image\":{\"@id\":\"https:\\\/\\\/adisoke.ca\\\/#\\\/schema\\\/logo\\\/image\\\/\"}}]}<\/script>\n<!-- \/ Yoast SEO plugin. -->","yoast_head_json":{"title":"Un nouveau partenariat entre Biblioth\u00e8que et Archives Canada et la Biblioth\u00e8que publique d\u2019Ottawa","robots":{"index":"index","follow":"follow","max-snippet":"max-snippet:-1","max-image-preview":"max-image-preview:large","max-video-preview":"max-video-preview:-1"},"canonical":"https:\/\/adisoke.ca\/fr\/news-post\/un-nouveau-partenariat-entre-bibliotheque-et-archives-canada-et-la-bibliotheque-publique-dottawa\/","og_locale":"fr_FR","og_type":"article","og_title":"Un nouveau partenariat entre Biblioth\u00e8que et Archives Canada et la Biblioth\u00e8que publique d\u2019Ottawa","og_description":"Le 27 f\u00e9vrier 2018, le Gouvernement du Canada a d\u00e9pos\u00e9 son Budget de 2018. Celui-ci comprend le financement propos\u00e9 pour une nouvelle installation conjointe de Biblioth\u00e8que et Archives Canada (BAC) et de la Biblioth\u00e8que publique d\u2019Ottawa (BPO). La Ville d\u2019Ottawa et la Biblioth\u00e8que publique d\u2019Ottawa sont ravis de voir que ce partenariat figure parmi les...","og_url":"https:\/\/adisoke.ca\/fr\/news-post\/un-nouveau-partenariat-entre-bibliotheque-et-archives-canada-et-la-bibliotheque-publique-dottawa\/","og_site_name":"\u0101dis\u014dke","article_modified_time":"2023-10-11T16:54:53+00:00","og_image":[{"width":850,"height":202,"url":"https:\/\/adisoke.ca\/wp-content\/uploads\/2023\/09\/a\u0304diso\u0304ke_23_Wordmark_B_RGB.png","type":"image\/png"}],"twitter_card":"summary_large_image","twitter_image":"https:\/\/adisoke.ca\/wp-content\/uploads\/2023\/09\/a\u0304diso\u0304ke_23_Wordmark_B_RGB.png","twitter_misc":{"Dur\u00e9e de lecture estim\u00e9e":"2 minutes"},"schema":{"@context":"https:\/\/schema.org","@graph":[{"@type":"WebPage","@id":"https:\/\/adisoke.ca\/fr\/news-post\/un-nouveau-partenariat-entre-bibliotheque-et-archives-canada-et-la-bibliotheque-publique-dottawa\/","url":"https:\/\/adisoke.ca\/fr\/news-post\/un-nouveau-partenariat-entre-bibliotheque-et-archives-canada-et-la-bibliotheque-publique-dottawa\/","name":"Un nouveau partenariat entre Biblioth\u00e8que et Archives Canada et la Biblioth\u00e8que publique d\u2019Ottawa","isPartOf":{"@id":"https:\/\/adisoke.ca\/#website"},"primaryImageOfPage":{"@id":"https:\/\/adisoke.ca\/fr\/news-post\/un-nouveau-partenariat-entre-bibliotheque-et-archives-canada-et-la-bibliotheque-publique-dottawa\/#primaryimage"},"image":{"@id":"https:\/\/adisoke.ca\/fr\/news-post\/un-nouveau-partenariat-entre-bibliotheque-et-archives-canada-et-la-bibliotheque-publique-dottawa\/#primaryimage"},"thumbnailUrl":"https:\/\/adisoke.ca\/wp-content\/uploads\/2023\/09\/LAC_Logo_EN.png","datePublished":"2018-03-07T17:28:00+00:00","dateModified":"2023-10-11T16:54:53+00:00","breadcrumb":{"@id":"https:\/\/adisoke.ca\/fr\/news-post\/un-nouveau-partenariat-entre-bibliotheque-et-archives-canada-et-la-bibliotheque-publique-dottawa\/#breadcrumb"},"inLanguage":"fr-FR","potentialAction":[{"@type":"ReadAction","target":["https:\/\/adisoke.ca\/fr\/news-post\/un-nouveau-partenariat-entre-bibliotheque-et-archives-canada-et-la-bibliotheque-publique-dottawa\/"]}]},{"@type":"ImageObject","inLanguage":"fr-FR","@id":"https:\/\/adisoke.ca\/fr\/news-post\/un-nouveau-partenariat-entre-bibliotheque-et-archives-canada-et-la-bibliotheque-publique-dottawa\/#primaryimage","url":"https:\/\/adisoke.ca\/wp-content\/uploads\/2023\/09\/LAC_Logo_EN.png","contentUrl":"https:\/\/adisoke.ca\/wp-content\/uploads\/2023\/09\/LAC_Logo_EN.png","width":685,"height":440},{"@type":"BreadcrumbList","@id":"https:\/\/adisoke.ca\/fr\/news-post\/un-nouveau-partenariat-entre-bibliotheque-et-archives-canada-et-la-bibliotheque-publique-dottawa\/#breadcrumb","itemListElement":[{"@type":"ListItem","position":1,"name":"Home","item":"https:\/\/adisoke.ca\/fr\/"},{"@type":"ListItem","position":2,"name":"Un nouveau partenariat entre Biblioth\u00e8que et Archives Canada et la Biblioth\u00e8que publique d\u2019Ottawa"}]},{"@type":"WebSite","@id":"https:\/\/adisoke.ca\/#website","url":"https:\/\/adisoke.ca\/","name":"\u0101dis\u014dke","description":"Stories live here.","publisher":{"@id":"https:\/\/adisoke.ca\/#organization"},"potentialAction":[{"@type":"SearchAction","target":{"@type":"EntryPoint","urlTemplate":"https:\/\/adisoke.ca\/?s={search_term_string}"},"query-input":{"@type":"PropertyValueSpecification","valueRequired":true,"valueName":"search_term_string"}}],"inLanguage":"fr-FR"},{"@type":"Organization","@id":"https:\/\/adisoke.ca\/#organization","name":"\u0101dis\u014dke","url":"https:\/\/adisoke.ca\/","logo":{"@type":"ImageObject","inLanguage":"fr-FR","@id":"https:\/\/adisoke.ca\/#\/schema\/logo\/image\/","url":"https:\/\/adisoke.ca\/wp-content\/uploads\/2023\/09\/a\u0304diso\u0304ke_23_Wordmark_B_RGB.png","contentUrl":"https:\/\/adisoke.ca\/wp-content\/uploads\/2023\/09\/a\u0304diso\u0304ke_23_Wordmark_B_RGB.png","width":850,"height":202,"caption":"\u0101dis\u014dke"},"image":{"@id":"https:\/\/adisoke.ca\/#\/schema\/logo\/image\/"}}]}},"_links":{"self":[{"href":"https:\/\/adisoke.ca\/fr\/wp-json\/wp\/v2\/news-post\/2637","targetHints":{"allow":["GET"]}}],"collection":[{"href":"https:\/\/adisoke.ca\/fr\/wp-json\/wp\/v2\/news-post"}],"about":[{"href":"https:\/\/adisoke.ca\/fr\/wp-json\/wp\/v2\/types\/news-post"}],"author":[{"embeddable":true,"href":"https:\/\/adisoke.ca\/fr\/wp-json\/wp\/v2\/users\/1"}],"version-history":[{"count":1,"href":"https:\/\/adisoke.ca\/fr\/wp-json\/wp\/v2\/news-post\/2637\/revisions"}],"predecessor-version":[{"id":5224,"href":"https:\/\/adisoke.ca\/fr\/wp-json\/wp\/v2\/news-post\/2637\/revisions\/5224"}],"wp:featuredmedia":[{"embeddable":true,"href":"https:\/\/adisoke.ca\/fr\/wp-json\/wp\/v2\/media\/2641"}],"wp:attachment":[{"href":"https:\/\/adisoke.ca\/fr\/wp-json\/wp\/v2\/media?parent=2637"}],"wp:term":[{"taxonomy":"news-category","embeddable":true,"href":"https:\/\/adisoke.ca\/fr\/wp-json\/wp\/v2\/news-category?post=2637"},{"taxonomy":"news-year","embeddable":true,"href":"https:\/\/adisoke.ca\/fr\/wp-json\/wp\/v2\/news-year?post=2637"}],"curies":[{"name":"wp","href":"https:\/\/api.w.org\/{rel}","templated":true}]}}